{"id":2834,"date":"2024-07-18T12:28:32","date_gmt":"2024-07-18T10:28:32","guid":{"rendered":"https:\/\/www.lafoliedespapiers.com\/conseils\/?p=2834"},"modified":"2024-07-18T14:23:23","modified_gmt":"2024-07-18T12:23:23","slug":"acquisition-de-conges-payes-pendant-une-maladie-les-nouveautes","status":"publish","type":"post","link":"https:\/\/www.lafoliedespapiers.com\/conseils\/acquisition-de-conges-payes-pendant-une-maladie-les-nouveautes\/","title":{"rendered":"Acquisition de cong\u00e9s pay\u00e9s pendant une maladie : les nouveaut\u00e9s"},"content":{"rendered":"\t\t<div data-elementor-type=\"wp-post\" data-elementor-id=\"2834\" class=\"elementor elementor-2834\">\n\t\t\t\t\t\t<section class=\"elementor-section elementor-top-section elementor-element elementor-element-30dcd5ca elementor-section-boxed elementor-section-height-default elementor-section-height-default\" data-id=\"30dcd5ca\" data-element_type=\"section\">\n\t\t\t\t\t\t<div class=\"elementor-container elementor-column-gap-default\">\n\t\t\t\t\t<div class=\"elementor-column elementor-col-100 elementor-top-column elementor-element elementor-element-6e9f2638\" data-id=\"6e9f2638\" data-element_type=\"column\">\n\t\t\t<div class=\"elementor-widget-wrap elementor-element-populated\">\n\t\t\t\t\t\t<div class=\"elementor-element elementor-element-5514960e elementor-widget elementor-widget-heading\" data-id=\"5514960e\" data-element_type=\"widget\" data-widget_type=\"heading.default\">\n\t\t\t\t<div class=\"elementor-widget-container\">\n\t\t\t\t\t<h2 class=\"elementor-heading-title elementor-size-default\">Les nouvelles r\u00e8gles d\u2019acquisition de cong\u00e9s pay\u00e9s<\/h2>\t\t\t\t<\/div>\n\t\t\t\t<\/div>\n\t\t\t\t\t<\/div>\n\t\t<\/div>\n\t\t\t\t\t<\/div>\n\t\t<\/section>\n\t\t\t\t<section class=\"elementor-section elementor-top-section elementor-element elementor-element-17d0f93 elementor-section-boxed elementor-section-height-default elementor-section-height-default\" data-id=\"17d0f93\" data-element_type=\"section\">\n\t\t\t\t\t\t<div class=\"elementor-container elementor-column-gap-default\">\n\t\t\t\t\t<div class=\"elementor-column elementor-col-100 elementor-top-column elementor-element elementor-element-9058a2b\" data-id=\"9058a2b\" data-element_type=\"column\">\n\t\t\t<div class=\"elementor-widget-wrap elementor-element-populated\">\n\t\t\t\t\t\t<div class=\"elementor-element elementor-element-da8c7d2 elementor-widget elementor-widget-heading\" data-id=\"da8c7d2\" data-element_type=\"widget\" data-widget_type=\"heading.default\">\n\t\t\t\t<div class=\"elementor-widget-container\">\n\t\t\t\t\t<h2 class=\"elementor-heading-title elementor-size-default\">pendant un arr\u00eat maladie<\/h2>\t\t\t\t<\/div>\n\t\t\t\t<\/div>\n\t\t\t\t\t<\/div>\n\t\t<\/div>\n\t\t\t\t\t<\/div>\n\t\t<\/section>\n\t\t\t\t<section class=\"elementor-section elementor-top-section elementor-element elementor-element-7da5f13 elementor-section-boxed elementor-section-height-default elementor-section-height-default\" data-id=\"7da5f13\" data-element_type=\"section\">\n\t\t\t\t\t\t<div class=\"elementor-container elementor-column-gap-default\">\n\t\t\t\t\t<div class=\"elementor-column elementor-col-100 elementor-top-column elementor-element elementor-element-4148b27\" data-id=\"4148b27\" data-element_type=\"column\">\n\t\t\t<div class=\"elementor-widget-wrap elementor-element-populated\">\n\t\t\t\t\t\t<div class=\"elementor-element elementor-element-30b4263 elementor-widget elementor-widget-text-editor\" data-id=\"30b4263\" data-element_type=\"widget\" data-widget_type=\"text-editor.default\">\n\t\t\t\t<div class=\"elementor-widget-container\">\n\t\t\t\t\t\t\t\t\t<p>\u00a0<\/p><p>\u00a0<\/p>\t\t\t\t\t\t\t\t<\/div>\n\t\t\t\t<\/div>\n\t\t\t\t\t<\/div>\n\t\t<\/div>\n\t\t\t\t\t<\/div>\n\t\t<\/section>\n\t\t\t\t<section class=\"elementor-section elementor-top-section elementor-element elementor-element-5bb8ba66 elementor-section-boxed elementor-section-height-default elementor-section-height-default\" data-id=\"5bb8ba66\" data-element_type=\"section\">\n\t\t\t\t\t\t<div class=\"elementor-container elementor-column-gap-default\">\n\t\t\t\t\t<div class=\"elementor-column elementor-col-33 elementor-top-column elementor-element elementor-element-7af6ec81\" data-id=\"7af6ec81\" data-element_type=\"column\">\n\t\t\t<div class=\"elementor-widget-wrap\">\n\t\t\t\t\t\t\t<\/div>\n\t\t<\/div>\n\t\t\t\t<div class=\"elementor-column elementor-col-33 elementor-top-column elementor-element elementor-element-7341b910\" data-id=\"7341b910\" data-element_type=\"column\">\n\t\t\t<div class=\"elementor-widget-wrap elementor-element-populated\">\n\t\t\t\t\t\t<div class=\"elementor-element elementor-element-c55c134 elementor-widget elementor-widget-image\" data-id=\"c55c134\" data-element_type=\"widget\" data-widget_type=\"image.default\">\n\t\t\t\t<div class=\"elementor-widget-container\">\n\t\t\t\t\t\t\t\t\t\t\t\t\t\t\t<img fetchpriority=\"high\" decoding=\"async\" data-attachment-id=\"2908\" data-permalink=\"https:\/\/www.lafoliedespapiers.com\/conseils\/acquisition-de-conges-payes-pendant-une-maladie-les-nouveautes\/th-1763097330\/\" data-orig-file=\"https:\/\/i0.wp.com\/www.lafoliedespapiers.com\/conseils\/wp-content\/uploads\/2024\/07\/th-1763097330.jpg?fit=474%2C474&amp;ssl=1\" data-orig-size=\"474,474\" data-comments-opened=\"0\" data-image-meta=\"{&quot;aperture&quot;:&quot;0&quot;,&quot;credit&quot;:&quot;&quot;,&quot;camera&quot;:&quot;&quot;,&quot;caption&quot;:&quot;&quot;,&quot;created_timestamp&quot;:&quot;0&quot;,&quot;copyright&quot;:&quot;&quot;,&quot;focal_length&quot;:&quot;0&quot;,&quot;iso&quot;:&quot;0&quot;,&quot;shutter_speed&quot;:&quot;0&quot;,&quot;title&quot;:&quot;&quot;,&quot;orientation&quot;:&quot;0&quot;}\" data-image-title=\"th-1763097330\" data-image-description=\"\" data-image-caption=\"\" data-medium-file=\"https:\/\/i0.wp.com\/www.lafoliedespapiers.com\/conseils\/wp-content\/uploads\/2024\/07\/th-1763097330.jpg?fit=300%2C300&amp;ssl=1\" data-large-file=\"https:\/\/i0.wp.com\/www.lafoliedespapiers.com\/conseils\/wp-content\/uploads\/2024\/07\/th-1763097330.jpg?fit=474%2C474&amp;ssl=1\" width=\"474\" height=\"474\" src=\"https:\/\/i0.wp.com\/www.lafoliedespapiers.com\/conseils\/wp-content\/uploads\/2024\/07\/th-1763097330.jpg?fit=474%2C474&amp;ssl=1\" class=\"attachment-large size-large wp-image-2908\" alt=\"\" srcset=\"https:\/\/i0.wp.com\/www.lafoliedespapiers.com\/conseils\/wp-content\/uploads\/2024\/07\/th-1763097330.jpg?w=474&amp;ssl=1 474w, https:\/\/i0.wp.com\/www.lafoliedespapiers.com\/conseils\/wp-content\/uploads\/2024\/07\/th-1763097330.jpg?resize=300%2C300&amp;ssl=1 300w, https:\/\/i0.wp.com\/www.lafoliedespapiers.com\/conseils\/wp-content\/uploads\/2024\/07\/th-1763097330.jpg?resize=150%2C150&amp;ssl=1 150w, https:\/\/i0.wp.com\/www.lafoliedespapiers.com\/conseils\/wp-content\/uploads\/2024\/07\/th-1763097330.jpg?resize=54%2C54&amp;ssl=1 54w\" sizes=\"(max-width: 474px) 100vw, 474px\" data-attachment-id=\"2908\" data-permalink=\"https:\/\/www.lafoliedespapiers.com\/conseils\/acquisition-de-conges-payes-pendant-une-maladie-les-nouveautes\/th-1763097330\/\" data-orig-file=\"https:\/\/i0.wp.com\/www.lafoliedespapiers.com\/conseils\/wp-content\/uploads\/2024\/07\/th-1763097330.jpg?fit=474%2C474&amp;ssl=1\" data-orig-size=\"474,474\" data-comments-opened=\"0\" data-image-meta=\"{&quot;aperture&quot;:&quot;0&quot;,&quot;credit&quot;:&quot;&quot;,&quot;camera&quot;:&quot;&quot;,&quot;caption&quot;:&quot;&quot;,&quot;created_timestamp&quot;:&quot;0&quot;,&quot;copyright&quot;:&quot;&quot;,&quot;focal_length&quot;:&quot;0&quot;,&quot;iso&quot;:&quot;0&quot;,&quot;shutter_speed&quot;:&quot;0&quot;,&quot;title&quot;:&quot;&quot;,&quot;orientation&quot;:&quot;0&quot;}\" data-image-title=\"th-1763097330\" data-image-description=\"\" data-image-caption=\"\" data-medium-file=\"https:\/\/i0.wp.com\/www.lafoliedespapiers.com\/conseils\/wp-content\/uploads\/2024\/07\/th-1763097330.jpg?fit=300%2C300&amp;ssl=1\" data-large-file=\"https:\/\/i0.wp.com\/www.lafoliedespapiers.com\/conseils\/wp-content\/uploads\/2024\/07\/th-1763097330.jpg?fit=474%2C474&amp;ssl=1\" \/>\t\t\t\t\t\t\t\t\t\t\t\t\t\t\t<\/div>\n\t\t\t\t<\/div>\n\t\t\t\t\t<\/div>\n\t\t<\/div>\n\t\t\t\t<div class=\"elementor-column elementor-col-33 elementor-top-column elementor-element elementor-element-7c1036ce\" data-id=\"7c1036ce\" data-element_type=\"column\">\n\t\t\t<div class=\"elementor-widget-wrap\">\n\t\t\t\t\t\t\t<\/div>\n\t\t<\/div>\n\t\t\t\t\t<\/div>\n\t\t<\/section>\n\t\t\t\t<section class=\"elementor-section elementor-top-section elementor-element elementor-element-fc8e112 elementor-section-boxed elementor-section-height-default elementor-section-height-default\" data-id=\"fc8e112\" data-element_type=\"section\">\n\t\t\t\t\t\t<div class=\"elementor-container elementor-column-gap-default\">\n\t\t\t\t\t<div class=\"elementor-column elementor-col-100 elementor-top-column elementor-element elementor-element-d4b73a0\" data-id=\"d4b73a0\" data-element_type=\"column\">\n\t\t\t<div class=\"elementor-widget-wrap elementor-element-populated\">\n\t\t\t\t\t\t<div class=\"elementor-element elementor-element-12a2d22 elementor-widget elementor-widget-text-editor\" data-id=\"12a2d22\" data-element_type=\"widget\" data-widget_type=\"text-editor.default\">\n\t\t\t\t<div class=\"elementor-widget-container\">\n\t\t\t\t\t\t\t\t\t<p>\u00a0<\/p><p>\u00a0<\/p>\t\t\t\t\t\t\t\t<\/div>\n\t\t\t\t<\/div>\n\t\t\t\t\t<\/div>\n\t\t<\/div>\n\t\t\t\t\t<\/div>\n\t\t<\/section>\n\t\t\t\t<section class=\"elementor-section elementor-top-section elementor-element elementor-element-a6335db elementor-section-boxed elementor-section-height-default elementor-section-height-default\" data-id=\"a6335db\" data-element_type=\"section\">\n\t\t\t\t\t\t<div class=\"elementor-container elementor-column-gap-default\">\n\t\t\t\t\t<div class=\"elementor-column elementor-col-100 elementor-top-column elementor-element elementor-element-6d28444\" data-id=\"6d28444\" data-element_type=\"column\">\n\t\t\t<div class=\"elementor-widget-wrap elementor-element-populated\">\n\t\t\t\t\t\t<div class=\"elementor-element elementor-element-803bff5 elementor-widget elementor-widget-heading\" data-id=\"803bff5\" data-element_type=\"widget\" data-widget_type=\"heading.default\">\n\t\t\t\t<div class=\"elementor-widget-container\">\n\t\t\t\t\t<h4 class=\"elementor-heading-title elementor-size-default\">Rappels sur les cong\u00e9s pay\u00e9s :<\/h4>\t\t\t\t<\/div>\n\t\t\t\t<\/div>\n\t\t\t\t\t<\/div>\n\t\t<\/div>\n\t\t\t\t\t<\/div>\n\t\t<\/section>\n\t\t\t\t<section class=\"elementor-section elementor-top-section elementor-element elementor-element-1c4001fe elementor-section-boxed elementor-section-height-default elementor-section-height-default\" data-id=\"1c4001fe\" data-element_type=\"section\">\n\t\t\t\t\t\t<div class=\"elementor-container elementor-column-gap-default\">\n\t\t\t\t\t<div class=\"elementor-column elementor-col-33 elementor-top-column elementor-element elementor-element-7e2a353e\" data-id=\"7e2a353e\" data-element_type=\"column\">\n\t\t\t<div class=\"elementor-widget-wrap\">\n\t\t\t\t\t\t\t<\/div>\n\t\t<\/div>\n\t\t\t\t<div class=\"elementor-column elementor-col-33 elementor-top-column elementor-element elementor-element-20a86955\" data-id=\"20a86955\" data-element_type=\"column\">\n\t\t\t<div class=\"elementor-widget-wrap elementor-element-populated\">\n\t\t\t\t\t\t<div class=\"elementor-element elementor-element-27d0eb8d elementor-widget elementor-widget-text-editor\" data-id=\"27d0eb8d\" data-element_type=\"widget\" data-widget_type=\"text-editor.default\">\n\t\t\t\t<div class=\"elementor-widget-container\">\n\t\t\t\t\t\t\t\t\t<p>\u00a0<\/p><p>Le salari\u00e9 a droit \u00e0 <strong>2.5 jours de cong\u00e9s pay\u00e9s par mois de travail effectif<\/strong> chez le m\u00eame employeur, quel que soit son contrat de travail (CDI, CDD, contrat d&rsquo;int\u00e9rim) et qu\u2019il travaille \u00e0 temps plein ou \u00e0 temps partiel.<\/p><p><strong>Pour une ann\u00e9e compl\u00e8te de travail<\/strong>, la dur\u00e9e totale du cong\u00e9 acquis est donc de <strong>30 jours ouvrables<\/strong> (5 semaines).<\/p><p>L\u2019ann\u00e9e de r\u00e9f\u00e9rence, qui sert \u00e0 d\u00e9terminer les droits \u00e0 cong\u00e9s pay\u00e9s, est g\u00e9n\u00e9ralement fix\u00e9e du 1er juin de l\u2019ann\u00e9e pr\u00e9c\u00e9dente au 31 mai de l\u2019ann\u00e9e en cours (pour les entreprises du BTP\u00a0: du 1<sup>er<\/sup> avril de l\u2019ann\u00e9e pr\u00e9c\u00e9dente au 31 mars de l\u2019ann\u00e9e en cours). C\u2019est ce qu\u2019on appelle <strong>la p\u00e9riode d\u2019acquisition.<\/strong><\/p><p><strong>La p\u00e9riode de prise des cong\u00e9s<\/strong> d\u00e9signe quant \u00e0 elle la p\u00e9riode au cours de laquelle le salari\u00e9 peut poser ses cong\u00e9s.<\/p><p>Certaines p\u00e9riodes d\u2019absences sont assimil\u00e9es \u00e0 des p\u00e9riodes de travail (ex : absence li\u00e9e \u00e0 un cong\u00e9 maternit\u00e9 ou paternit\u00e9) et sont prises en compte pour le calcul du nombre de jours de cong\u00e9s pay\u00e9s.<\/p>\t\t\t\t\t\t\t\t<\/div>\n\t\t\t\t<\/div>\n\t\t\t\t\t<\/div>\n\t\t<\/div>\n\t\t\t\t<div class=\"elementor-column elementor-col-33 elementor-top-column elementor-element elementor-element-7801ebab\" data-id=\"7801ebab\" data-element_type=\"column\">\n\t\t\t<div class=\"elementor-widget-wrap\">\n\t\t\t\t\t\t\t<\/div>\n\t\t<\/div>\n\t\t\t\t\t<\/div>\n\t\t<\/section>\n\t\t\t\t<section class=\"elementor-section elementor-top-section elementor-element elementor-element-9debf43 elementor-section-boxed elementor-section-height-default elementor-section-height-default\" data-id=\"9debf43\" data-element_type=\"section\">\n\t\t\t\t\t\t<div class=\"elementor-container elementor-column-gap-default\">\n\t\t\t\t\t<div class=\"elementor-column elementor-col-100 elementor-top-column elementor-element elementor-element-b46e220\" data-id=\"b46e220\" data-element_type=\"column\">\n\t\t\t<div class=\"elementor-widget-wrap elementor-element-populated\">\n\t\t\t\t\t\t<div class=\"elementor-element elementor-element-fcf4e41 elementor-widget elementor-widget-text-editor\" data-id=\"fcf4e41\" data-element_type=\"widget\" data-widget_type=\"text-editor.default\">\n\t\t\t\t<div class=\"elementor-widget-container\">\n\t\t\t\t\t\t\t\t\t<p>\u00a0<\/p><p>\u00a0<\/p>\t\t\t\t\t\t\t\t<\/div>\n\t\t\t\t<\/div>\n\t\t\t\t\t<\/div>\n\t\t<\/div>\n\t\t\t\t\t<\/div>\n\t\t<\/section>\n\t\t\t\t<section class=\"elementor-section elementor-top-section elementor-element elementor-element-a93516e elementor-section-boxed elementor-section-height-default elementor-section-height-default\" data-id=\"a93516e\" data-element_type=\"section\">\n\t\t\t\t\t\t<div class=\"elementor-container elementor-column-gap-default\">\n\t\t\t\t\t<div class=\"elementor-column elementor-col-100 elementor-top-column elementor-element elementor-element-8a0aa23\" data-id=\"8a0aa23\" data-element_type=\"column\">\n\t\t\t<div class=\"elementor-widget-wrap elementor-element-populated\">\n\t\t\t\t\t\t<div class=\"elementor-element elementor-element-4975231 elementor-widget elementor-widget-heading\" data-id=\"4975231\" data-element_type=\"widget\" data-widget_type=\"heading.default\">\n\t\t\t\t<div class=\"elementor-widget-container\">\n\t\t\t\t\t<h4 class=\"elementor-heading-title elementor-size-default\">Les nouvelles r\u00e8gles :<\/h4>\t\t\t\t<\/div>\n\t\t\t\t<\/div>\n\t\t\t\t\t<\/div>\n\t\t<\/div>\n\t\t\t\t\t<\/div>\n\t\t<\/section>\n\t\t\t\t<section class=\"elementor-section elementor-top-section elementor-element elementor-element-20e77ba elementor-section-boxed elementor-section-height-default elementor-section-height-default\" data-id=\"20e77ba\" data-element_type=\"section\">\n\t\t\t\t\t\t<div class=\"elementor-container elementor-column-gap-default\">\n\t\t\t\t\t<div class=\"elementor-column elementor-col-33 elementor-top-column elementor-element elementor-element-ca091d2\" data-id=\"ca091d2\" data-element_type=\"column\">\n\t\t\t<div class=\"elementor-widget-wrap\">\n\t\t\t\t\t\t\t<\/div>\n\t\t<\/div>\n\t\t\t\t<div class=\"elementor-column elementor-col-33 elementor-top-column elementor-element elementor-element-8c5e416\" data-id=\"8c5e416\" data-element_type=\"column\">\n\t\t\t<div class=\"elementor-widget-wrap elementor-element-populated\">\n\t\t\t\t\t\t<div class=\"elementor-element elementor-element-644433e elementor-widget elementor-widget-text-editor\" data-id=\"644433e\" data-element_type=\"widget\" data-widget_type=\"text-editor.default\">\n\t\t\t\t<div class=\"elementor-widget-container\">\n\t\t\t\t\t\t\t\t\t<p>\u00a0<\/p><p><strong>D\u00e9sormais, l\u2019ensemble des arr\u00eats maladie constituent des p\u00e9riodes assimil\u00e9es a du temps de travail effectif, quelle que soit leur dur\u00e9e<\/strong>. Autrement dit, ces absences doivent donc \u00eatre prises en compte pour calculer les droits \u00e0 cong\u00e9s annuels du salari\u00e9.<\/p><p>Toutefois, <strong>selon le motif de l\u2019arr\u00eat maladie<\/strong> (professionnel ou non professionnel), les <strong>droits<\/strong> \u00e0 cong\u00e9s pay\u00e9s annuels <strong>seront calcul\u00e9s diff\u00e9remment<\/strong>.<\/p><h4>\u00a0<\/h4><h4><span style=\"text-decoration: underline;\"><strong>Dispositifs applicables aux maladies professionnelles :<\/strong><\/span><\/h4><ul><li>Acquisition illimit\u00e9e de cong\u00e9s pay\u00e9s pendant un arr\u00eat pour accident du travail ou maladie professionnelle.<\/li><li>Continuation de l&rsquo;acquisition de 2,5 jours de cong\u00e9s pay\u00e9s par mois, jusqu&rsquo;\u00e0 un maximum de 30 jours ouvrables par p\u00e9riode de r\u00e9f\u00e9rence.<\/li><li>Pas de limitation dans le temps pour l&rsquo;acquisition des cong\u00e9s.<\/li><\/ul><p><u>Exemple<\/u> : un salari\u00e9 a un accident du travail et est en arr\u00eat pendant 18 mois. Pendant toute cette p\u00e9riode, il continue d&rsquo;accumuler normalement ses cong\u00e9s pay\u00e9s sans limite de dur\u00e9e. Ainsi, chaque mois, il acquiert 2,5 jours de cong\u00e9s pay\u00e9s, ce qui lui donne droit \u00e0 45 jours de cong\u00e9s \u00e0 la fin de son arr\u00eat (18 mois x 2.5 j).<\/p><h4>\u00a0<\/h4><h4><strong><span style=\"text-decoration: underline;\">Dispositifs applicables aux maladies ou accidents non professionnels :<\/span><br \/><\/strong><\/h4><ul><li>Acquisition de cong\u00e9s pay\u00e9s pendant un arr\u00eat maladie non professionnelle assimil\u00e9e \u00e0 une p\u00e9riode de travail effectif.<\/li><li>Limite de 2 jours ouvrables de cong\u00e9s pay\u00e9s par mois pendant l&rsquo;arr\u00eat, avec un maximum de 24 jours ouvrables (4 semaines) par p\u00e9riode de r\u00e9f\u00e9rence.<\/li><li>Mise en place d&rsquo;un m\u00e9canisme de report de 15 mois pour les cong\u00e9s non pris pendant l&rsquo;arr\u00eat maladie.<\/li><\/ul><p><u>Exemple<\/u> : un salari\u00e9 est en arr\u00eat maladie non professionnelle pendant 8 mois. \u00c0 son retour, elle aura accumul\u00e9 16 jours de cong\u00e9s (8 mois x 2 j) et elle disposera de 15 mois \u00e0 partir de sa reprise pour utiliser ses cong\u00e9s avant qu&rsquo;ils ne soient perdus.<\/p><h4>\u00a0<\/h4><h4>\u00c0 savoir imp\u00e9rativement :<\/h4><p>La loi DDADUE impose \u00e0 l&#8217;employeur d&rsquo;informer le salari\u00e9 \u00e0 chaque retour d&rsquo;arr\u00eat maladie du nombre de jours acquis au titre de son arr\u00eat de travail, et ce <span style=\"text-decoration: underline;\"><strong>dans un d\u00e9lai de 30 jours<\/strong>.<\/span><\/p><p>Pour cela, une indication sur le bulletin de paie pr\u00e9viendra le salari\u00e9 s&rsquo;il a acquis des jours de cong\u00e9s pay\u00e9s lors de son(ses) arr\u00eat(s) maladie. Sont alors communiqu\u00e9es les informations suivantes :<\/p><ul><li>Le nombre de CP acquis au titre de la maladie sur le mois en cours ;<\/li><li>Le total des CP acquis au titre de la maladie sur la totalit\u00e9 de la p\u00e9riode ;<\/li><li>Lorsque c&rsquo;est applicable, le plafonnement des droits CP annuels.<\/li><\/ul><h4>\u00a0<\/h4><h4>\u00a0<\/h4><h4><strong>Comment s\u2019articule ces 15 mois\u00a0?<\/strong><\/h4><p>\u00a0<\/p><ul><li><strong>Cas o\u00f9 le salari\u00e9 reprend son travail (infographie 1)<br \/><\/strong><\/li><\/ul><p>Le salari\u00e9 est absent pour maladie non professionnelle du 1<sup>er<\/sup>\u00a0janvier\u00a02024 au 1<sup>er<\/sup> avril\u00a02024. Il reprend son travail le 2 avril 2024. Il a re\u00e7u les informations de son employeur via ses bulletins de salaire. Le solde de cong\u00e9s qu&rsquo;il pouvait prendre avant sa maladie ainsi que les cong\u00e9s acquis durant sa maladie peuvent \u00eatre report\u00e9s jusqu&rsquo;au 1<sup>er<\/sup> juillet\u00a02025 (date de fin de la p\u00e9riode de report).<\/p><p>\u00a0<\/p><ul><li><strong>Cas o\u00f9 le salari\u00e9, en arr\u00eat maladie depuis plus d&rsquo;un an, ne reprend pas son travail \u00e0 la fin du d\u00e9lai de report de 15 mois (infographie 2)<br \/><\/strong><\/li><\/ul><p>Le salari\u00e9 est absent depuis le 26\u00a0avril\u00a02024. Au 31 mai 2025, il est toujours absent donc depuis au moins 1 an. Le <strong>d\u00e9lai de report de 15\u00a0mois commence \u00e0 courir<\/strong>. <strong>Au terme de ce d\u00e9lai de report de 15\u00a0mois, les droits \u00e0 cong\u00e9s expirent d\u00e9finitivement si le salari\u00e9 n&rsquo;a pas repris son travail du fait de sa maladie<\/strong> et qu&rsquo;en raison de la suspension de son contrat, il n&rsquo;a pas pu \u00eatre inform\u00e9 de ses droits par son employeur. Au 31\u00a0ao\u00fbt\u00a02026 (date de fin de la p\u00e9riode de report), il est toujours absent. Dans ce cas, le salari\u00e9 perd les droits \u00e0 cong\u00e9s acquis durant son arr\u00eat maladie.<\/p><p>\u00a0<\/p><ul><li><strong>Cas o\u00f9 le salari\u00e9, en arr\u00eat maladie depuis plus d&rsquo;un an, reprend son travail avant l&rsquo;expiration du d\u00e9lai de report de 15 mois (infographie 3)<br \/><\/strong><\/li><\/ul><p>Le salari\u00e9 est absent pour maladie du 1<sup>er<\/sup>\u00a0avril\u00a02024 au 31\u00a0juillet\u00a02025. Il reprend son travail le 1<sup>er<\/sup>\u00a0ao\u00fbt\u00a02025.<\/p><p>Au 31 mai 2025, il est toujours absent donc depuis au moins 1 an. Le <strong>d\u00e9lai de report de 15\u00a0mois commence \u00e0 courir<\/strong>. Il a re\u00e7u les informations de son employeur via ses bulletins de salaire donc le d\u00e9lai de report expire le 31 ao\u00fbt 2026 pour les cong\u00e9s pay\u00e9s acquis durant l\u2019absence. Ceux issus de la p\u00e9riode de travail depuis la reprise au 1<sup>er<\/sup> ao\u00fbt 2025 sont \u00e0 prendre normalement.<\/p>\t\t\t\t\t\t\t\t<\/div>\n\t\t\t\t<\/div>\n\t\t\t\t\t<\/div>\n\t\t<\/div>\n\t\t\t\t<div class=\"elementor-column elementor-col-33 elementor-top-column elementor-element elementor-element-8cc46a6\" data-id=\"8cc46a6\" data-element_type=\"column\">\n\t\t\t<div class=\"elementor-widget-wrap\">\n\t\t\t\t\t\t\t<\/div>\n\t\t<\/div>\n\t\t\t\t\t<\/div>\n\t\t<\/section>\n\t\t\t\t<section class=\"elementor-section elementor-top-section elementor-element elementor-element-69ae8872 elementor-section-boxed elementor-section-height-default elementor-section-height-default\" data-id=\"69ae8872\" data-element_type=\"section\">\n\t\t\t\t\t\t<div class=\"elementor-container elementor-column-gap-default\">\n\t\t\t\t\t<div class=\"elementor-column elementor-col-100 elementor-top-column elementor-element elementor-element-136a9693\" data-id=\"136a9693\" data-element_type=\"column\">\n\t\t\t<div class=\"elementor-widget-wrap elementor-element-populated\">\n\t\t\t\t\t\t<section class=\"elementor-section elementor-inner-section elementor-element elementor-element-5084e058 elementor-section-boxed elementor-section-height-default elementor-section-height-default\" data-id=\"5084e058\" data-element_type=\"section\">\n\t\t\t\t\t\t<div class=\"elementor-container elementor-column-gap-default\">\n\t\t\t\t\t<div class=\"elementor-column elementor-col-33 elementor-inner-column elementor-element elementor-element-17a9dcf4\" data-id=\"17a9dcf4\" data-element_type=\"column\">\n\t\t\t<div class=\"elementor-widget-wrap\">\n\t\t\t\t\t\t\t<\/div>\n\t\t<\/div>\n\t\t\t\t<div class=\"elementor-column elementor-col-33 elementor-inner-column elementor-element elementor-element-8cf64bf\" data-id=\"8cf64bf\" data-element_type=\"column\">\n\t\t\t<div class=\"elementor-widget-wrap elementor-element-populated\">\n\t\t\t\t\t\t<div class=\"elementor-element elementor-element-4ae6842 elementor-widget elementor-widget-image\" data-id=\"4ae6842\" data-element_type=\"widget\" data-widget_type=\"image.default\">\n\t\t\t\t<div class=\"elementor-widget-container\">\n\t\t\t\t\t\t\t\t\t\t\t\t\t\t\t<img decoding=\"async\" data-attachment-id=\"2845\" data-permalink=\"https:\/\/www.lafoliedespapiers.com\/conseils\/acquisition-de-conges-payes-pendant-une-maladie-les-nouveautes\/cas1_moins_dun_an\/\" data-orig-file=\"https:\/\/i0.wp.com\/www.lafoliedespapiers.com\/conseils\/wp-content\/uploads\/2024\/07\/Cas1_moins_dun_an.jpg?fit=1065%2C858&amp;ssl=1\" data-orig-size=\"1065,858\" data-comments-opened=\"0\" data-image-meta=\"{&quot;aperture&quot;:&quot;0&quot;,&quot;credit&quot;:&quot;U-01&quot;,&quot;camera&quot;:&quot;&quot;,&quot;caption&quot;:&quot;&quot;,&quot;created_timestamp&quot;:&quot;1721304521&quot;,&quot;copyright&quot;:&quot;&quot;,&quot;focal_length&quot;:&quot;0&quot;,&quot;iso&quot;:&quot;0&quot;,&quot;shutter_speed&quot;:&quot;0&quot;,&quot;title&quot;:&quot;&quot;,&quot;orientation&quot;:&quot;0&quot;}\" data-image-title=\"Cas1_moins_dun_an\" data-image-description=\"\" data-image-caption=\"\" data-medium-file=\"https:\/\/i0.wp.com\/www.lafoliedespapiers.com\/conseils\/wp-content\/uploads\/2024\/07\/Cas1_moins_dun_an.jpg?fit=300%2C242&amp;ssl=1\" data-large-file=\"https:\/\/i0.wp.com\/www.lafoliedespapiers.com\/conseils\/wp-content\/uploads\/2024\/07\/Cas1_moins_dun_an.jpg?fit=960%2C773&amp;ssl=1\" width=\"960\" height=\"773\" src=\"https:\/\/i0.wp.com\/www.lafoliedespapiers.com\/conseils\/wp-content\/uploads\/2024\/07\/Cas1_moins_dun_an.jpg?fit=960%2C773&amp;ssl=1\" class=\"attachment-large size-large wp-image-2845\" alt=\"\" srcset=\"https:\/\/i0.wp.com\/www.lafoliedespapiers.com\/conseils\/wp-content\/uploads\/2024\/07\/Cas1_moins_dun_an.jpg?w=1065&amp;ssl=1 1065w, https:\/\/i0.wp.com\/www.lafoliedespapiers.com\/conseils\/wp-content\/uploads\/2024\/07\/Cas1_moins_dun_an.jpg?resize=300%2C242&amp;ssl=1 300w, https:\/\/i0.wp.com\/www.lafoliedespapiers.com\/conseils\/wp-content\/uploads\/2024\/07\/Cas1_moins_dun_an.jpg?resize=1024%2C825&amp;ssl=1 1024w, https:\/\/i0.wp.com\/www.lafoliedespapiers.com\/conseils\/wp-content\/uploads\/2024\/07\/Cas1_moins_dun_an.jpg?resize=768%2C619&amp;ssl=1 768w\" sizes=\"(max-width: 960px) 100vw, 960px\" data-attachment-id=\"2845\" data-permalink=\"https:\/\/www.lafoliedespapiers.com\/conseils\/acquisition-de-conges-payes-pendant-une-maladie-les-nouveautes\/cas1_moins_dun_an\/\" data-orig-file=\"https:\/\/i0.wp.com\/www.lafoliedespapiers.com\/conseils\/wp-content\/uploads\/2024\/07\/Cas1_moins_dun_an.jpg?fit=1065%2C858&amp;ssl=1\" data-orig-size=\"1065,858\" data-comments-opened=\"0\" data-image-meta=\"{&quot;aperture&quot;:&quot;0&quot;,&quot;credit&quot;:&quot;U-01&quot;,&quot;camera&quot;:&quot;&quot;,&quot;caption&quot;:&quot;&quot;,&quot;created_timestamp&quot;:&quot;1721304521&quot;,&quot;copyright&quot;:&quot;&quot;,&quot;focal_length&quot;:&quot;0&quot;,&quot;iso&quot;:&quot;0&quot;,&quot;shutter_speed&quot;:&quot;0&quot;,&quot;title&quot;:&quot;&quot;,&quot;orientation&quot;:&quot;0&quot;}\" data-image-title=\"Cas1_moins_dun_an\" data-image-description=\"\" data-image-caption=\"\" data-medium-file=\"https:\/\/i0.wp.com\/www.lafoliedespapiers.com\/conseils\/wp-content\/uploads\/2024\/07\/Cas1_moins_dun_an.jpg?fit=300%2C242&amp;ssl=1\" data-large-file=\"https:\/\/i0.wp.com\/www.lafoliedespapiers.com\/conseils\/wp-content\/uploads\/2024\/07\/Cas1_moins_dun_an.jpg?fit=960%2C773&amp;ssl=1\" \/>\t\t\t\t\t\t\t\t\t\t\t\t\t\t\t<\/div>\n\t\t\t\t<\/div>\n\t\t\t\t\t<\/div>\n\t\t<\/div>\n\t\t\t\t<div class=\"elementor-column elementor-col-33 elementor-inner-column elementor-element elementor-element-d106ebe\" data-id=\"d106ebe\" data-element_type=\"column\">\n\t\t\t<div class=\"elementor-widget-wrap\">\n\t\t\t\t\t\t\t<\/div>\n\t\t<\/div>\n\t\t\t\t\t<\/div>\n\t\t<\/section>\n\t\t\t\t\t<\/div>\n\t\t<\/div>\n\t\t\t\t\t<\/div>\n\t\t<\/section>\n\t\t\t\t<section class=\"elementor-section elementor-top-section elementor-element elementor-element-6a277fd elementor-section-boxed elementor-section-height-default elementor-section-height-default\" data-id=\"6a277fd\" data-element_type=\"section\">\n\t\t\t\t\t\t<div class=\"elementor-container elementor-column-gap-default\">\n\t\t\t\t\t<div class=\"elementor-column elementor-col-100 elementor-top-column elementor-element elementor-element-bfaef3a\" data-id=\"bfaef3a\" data-element_type=\"column\">\n\t\t\t<div class=\"elementor-widget-wrap elementor-element-populated\">\n\t\t\t\t\t\t<section class=\"elementor-section elementor-inner-section elementor-element elementor-element-699015b elementor-section-boxed elementor-section-height-default elementor-section-height-default\" data-id=\"699015b\" data-element_type=\"section\">\n\t\t\t\t\t\t<div class=\"elementor-container elementor-column-gap-default\">\n\t\t\t\t\t<div class=\"elementor-column elementor-col-33 elementor-inner-column elementor-element elementor-element-8245062\" data-id=\"8245062\" data-element_type=\"column\">\n\t\t\t<div class=\"elementor-widget-wrap\">\n\t\t\t\t\t\t\t<\/div>\n\t\t<\/div>\n\t\t\t\t<div class=\"elementor-column elementor-col-33 elementor-inner-column elementor-element elementor-element-438ee89\" data-id=\"438ee89\" data-element_type=\"column\">\n\t\t\t<div class=\"elementor-widget-wrap elementor-element-populated\">\n\t\t\t\t\t\t<div class=\"elementor-element elementor-element-28404f0 elementor-widget elementor-widget-image\" data-id=\"28404f0\" data-element_type=\"widget\" data-widget_type=\"image.default\">\n\t\t\t\t<div class=\"elementor-widget-container\">\n\t\t\t\t\t\t\t\t\t\t\t\t\t\t\t<img decoding=\"async\" data-attachment-id=\"2846\" data-permalink=\"https:\/\/www.lafoliedespapiers.com\/conseils\/acquisition-de-conges-payes-pendant-une-maladie-les-nouveautes\/cas2_plus_dun_an_avant_expiration_report\/\" data-orig-file=\"https:\/\/i0.wp.com\/www.lafoliedespapiers.com\/conseils\/wp-content\/uploads\/2024\/07\/Cas2_plus_dun_an_avant_expiration_report.jpg?fit=1067%2C824&amp;ssl=1\" data-orig-size=\"1067,824\" data-comments-opened=\"0\" data-image-meta=\"{&quot;aperture&quot;:&quot;0&quot;,&quot;credit&quot;:&quot;U-01&quot;,&quot;camera&quot;:&quot;&quot;,&quot;caption&quot;:&quot;&quot;,&quot;created_timestamp&quot;:&quot;1721304815&quot;,&quot;copyright&quot;:&quot;&quot;,&quot;focal_length&quot;:&quot;0&quot;,&quot;iso&quot;:&quot;0&quot;,&quot;shutter_speed&quot;:&quot;0&quot;,&quot;title&quot;:&quot;&quot;,&quot;orientation&quot;:&quot;0&quot;}\" data-image-title=\"Cas2_plus_dun_an_avant_expiration_report\" data-image-description=\"\" data-image-caption=\"\" data-medium-file=\"https:\/\/i0.wp.com\/www.lafoliedespapiers.com\/conseils\/wp-content\/uploads\/2024\/07\/Cas2_plus_dun_an_avant_expiration_report.jpg?fit=300%2C232&amp;ssl=1\" data-large-file=\"https:\/\/i0.wp.com\/www.lafoliedespapiers.com\/conseils\/wp-content\/uploads\/2024\/07\/Cas2_plus_dun_an_avant_expiration_report.jpg?fit=960%2C742&amp;ssl=1\" width=\"960\" height=\"742\" src=\"https:\/\/i0.wp.com\/www.lafoliedespapiers.com\/conseils\/wp-content\/uploads\/2024\/07\/Cas2_plus_dun_an_avant_expiration_report.jpg?fit=960%2C742&amp;ssl=1\" class=\"attachment-large size-large wp-image-2846\" alt=\"\" srcset=\"https:\/\/i0.wp.com\/www.lafoliedespapiers.com\/conseils\/wp-content\/uploads\/2024\/07\/Cas2_plus_dun_an_avant_expiration_report.jpg?w=1067&amp;ssl=1 1067w, https:\/\/i0.wp.com\/www.lafoliedespapiers.com\/conseils\/wp-content\/uploads\/2024\/07\/Cas2_plus_dun_an_avant_expiration_report.jpg?resize=300%2C232&amp;ssl=1 300w, https:\/\/i0.wp.com\/www.lafoliedespapiers.com\/conseils\/wp-content\/uploads\/2024\/07\/Cas2_plus_dun_an_avant_expiration_report.jpg?resize=1024%2C791&amp;ssl=1 1024w, https:\/\/i0.wp.com\/www.lafoliedespapiers.com\/conseils\/wp-content\/uploads\/2024\/07\/Cas2_plus_dun_an_avant_expiration_report.jpg?resize=768%2C593&amp;ssl=1 768w\" sizes=\"(max-width: 960px) 100vw, 960px\" data-attachment-id=\"2846\" data-permalink=\"https:\/\/www.lafoliedespapiers.com\/conseils\/acquisition-de-conges-payes-pendant-une-maladie-les-nouveautes\/cas2_plus_dun_an_avant_expiration_report\/\" data-orig-file=\"https:\/\/i0.wp.com\/www.lafoliedespapiers.com\/conseils\/wp-content\/uploads\/2024\/07\/Cas2_plus_dun_an_avant_expiration_report.jpg?fit=1067%2C824&amp;ssl=1\" data-orig-size=\"1067,824\" data-comments-opened=\"0\" data-image-meta=\"{&quot;aperture&quot;:&quot;0&quot;,&quot;credit&quot;:&quot;U-01&quot;,&quot;camera&quot;:&quot;&quot;,&quot;caption&quot;:&quot;&quot;,&quot;created_timestamp&quot;:&quot;1721304815&quot;,&quot;copyright&quot;:&quot;&quot;,&quot;focal_length&quot;:&quot;0&quot;,&quot;iso&quot;:&quot;0&quot;,&quot;shutter_speed&quot;:&quot;0&quot;,&quot;title&quot;:&quot;&quot;,&quot;orientation&quot;:&quot;0&quot;}\" data-image-title=\"Cas2_plus_dun_an_avant_expiration_report\" data-image-description=\"\" data-image-caption=\"\" data-medium-file=\"https:\/\/i0.wp.com\/www.lafoliedespapiers.com\/conseils\/wp-content\/uploads\/2024\/07\/Cas2_plus_dun_an_avant_expiration_report.jpg?fit=300%2C232&amp;ssl=1\" data-large-file=\"https:\/\/i0.wp.com\/www.lafoliedespapiers.com\/conseils\/wp-content\/uploads\/2024\/07\/Cas2_plus_dun_an_avant_expiration_report.jpg?fit=960%2C742&amp;ssl=1\" \/>\t\t\t\t\t\t\t\t\t\t\t\t\t\t\t<\/div>\n\t\t\t\t<\/div>\n\t\t\t\t\t<\/div>\n\t\t<\/div>\n\t\t\t\t<div class=\"elementor-column elementor-col-33 elementor-inner-column elementor-element elementor-element-968abdc\" data-id=\"968abdc\" data-element_type=\"column\">\n\t\t\t<div class=\"elementor-widget-wrap\">\n\t\t\t\t\t\t\t<\/div>\n\t\t<\/div>\n\t\t\t\t\t<\/div>\n\t\t<\/section>\n\t\t\t\t\t<\/div>\n\t\t<\/div>\n\t\t\t\t\t<\/div>\n\t\t<\/section>\n\t\t\t\t<section class=\"elementor-section elementor-top-section elementor-element elementor-element-bc8c3e7 elementor-section-boxed elementor-section-height-default elementor-section-height-default\" data-id=\"bc8c3e7\" data-element_type=\"section\">\n\t\t\t\t\t\t<div class=\"elementor-container elementor-column-gap-default\">\n\t\t\t\t\t<div class=\"elementor-column elementor-col-100 elementor-top-column elementor-element elementor-element-e4e2f4d\" data-id=\"e4e2f4d\" data-element_type=\"column\">\n\t\t\t<div class=\"elementor-widget-wrap elementor-element-populated\">\n\t\t\t\t\t\t<section class=\"elementor-section elementor-inner-section elementor-element elementor-element-ea4ab17 elementor-section-boxed elementor-section-height-default elementor-section-height-default\" data-id=\"ea4ab17\" data-element_type=\"section\">\n\t\t\t\t\t\t<div class=\"elementor-container elementor-column-gap-default\">\n\t\t\t\t\t<div class=\"elementor-column elementor-col-33 elementor-inner-column elementor-element elementor-element-6e41787\" data-id=\"6e41787\" data-element_type=\"column\">\n\t\t\t<div class=\"elementor-widget-wrap\">\n\t\t\t\t\t\t\t<\/div>\n\t\t<\/div>\n\t\t\t\t<div class=\"elementor-column elementor-col-33 elementor-inner-column elementor-element elementor-element-aa15b2f\" data-id=\"aa15b2f\" data-element_type=\"column\">\n\t\t\t<div class=\"elementor-widget-wrap elementor-element-populated\">\n\t\t\t\t\t\t<div class=\"elementor-element elementor-element-64dc4be elementor-widget elementor-widget-image\" data-id=\"64dc4be\" data-element_type=\"widget\" data-widget_type=\"image.default\">\n\t\t\t\t<div class=\"elementor-widget-container\">\n\t\t\t\t\t\t\t\t\t\t\t\t\t\t\t<img loading=\"lazy\" decoding=\"async\" data-attachment-id=\"2847\" data-permalink=\"https:\/\/www.lafoliedespapiers.com\/conseils\/acquisition-de-conges-payes-pendant-une-maladie-les-nouveautes\/cas3_plus_dun_an_apres_expiration_report\/\" data-orig-file=\"https:\/\/i0.wp.com\/www.lafoliedespapiers.com\/conseils\/wp-content\/uploads\/2024\/07\/Cas3_plus_dun_an_apres_expiration_report.jpg?fit=1252%2C924&amp;ssl=1\" data-orig-size=\"1252,924\" data-comments-opened=\"0\" data-image-meta=\"{&quot;aperture&quot;:&quot;0&quot;,&quot;credit&quot;:&quot;U-01&quot;,&quot;camera&quot;:&quot;&quot;,&quot;caption&quot;:&quot;&quot;,&quot;created_timestamp&quot;:&quot;1721304900&quot;,&quot;copyright&quot;:&quot;&quot;,&quot;focal_length&quot;:&quot;0&quot;,&quot;iso&quot;:&quot;0&quot;,&quot;shutter_speed&quot;:&quot;0&quot;,&quot;title&quot;:&quot;&quot;,&quot;orientation&quot;:&quot;0&quot;}\" data-image-title=\"Cas3_plus_dun_an_apr\u00e8s_expiration_report\" data-image-description=\"\" data-image-caption=\"\" data-medium-file=\"https:\/\/i0.wp.com\/www.lafoliedespapiers.com\/conseils\/wp-content\/uploads\/2024\/07\/Cas3_plus_dun_an_apres_expiration_report.jpg?fit=300%2C221&amp;ssl=1\" data-large-file=\"https:\/\/i0.wp.com\/www.lafoliedespapiers.com\/conseils\/wp-content\/uploads\/2024\/07\/Cas3_plus_dun_an_apres_expiration_report.jpg?fit=960%2C709&amp;ssl=1\" width=\"960\" height=\"709\" src=\"https:\/\/i0.wp.com\/www.lafoliedespapiers.com\/conseils\/wp-content\/uploads\/2024\/07\/Cas3_plus_dun_an_apres_expiration_report.jpg?fit=960%2C709&amp;ssl=1\" class=\"attachment-large size-large wp-image-2847\" alt=\"\" srcset=\"https:\/\/i0.wp.com\/www.lafoliedespapiers.com\/conseils\/wp-content\/uploads\/2024\/07\/Cas3_plus_dun_an_apres_expiration_report.jpg?w=1252&amp;ssl=1 1252w, https:\/\/i0.wp.com\/www.lafoliedespapiers.com\/conseils\/wp-content\/uploads\/2024\/07\/Cas3_plus_dun_an_apres_expiration_report.jpg?resize=300%2C221&amp;ssl=1 300w, https:\/\/i0.wp.com\/www.lafoliedespapiers.com\/conseils\/wp-content\/uploads\/2024\/07\/Cas3_plus_dun_an_apres_expiration_report.jpg?resize=1024%2C756&amp;ssl=1 1024w, https:\/\/i0.wp.com\/www.lafoliedespapiers.com\/conseils\/wp-content\/uploads\/2024\/07\/Cas3_plus_dun_an_apres_expiration_report.jpg?resize=768%2C567&amp;ssl=1 768w\" sizes=\"(max-width: 960px) 100vw, 960px\" data-attachment-id=\"2847\" data-permalink=\"https:\/\/www.lafoliedespapiers.com\/conseils\/acquisition-de-conges-payes-pendant-une-maladie-les-nouveautes\/cas3_plus_dun_an_apres_expiration_report\/\" data-orig-file=\"https:\/\/i0.wp.com\/www.lafoliedespapiers.com\/conseils\/wp-content\/uploads\/2024\/07\/Cas3_plus_dun_an_apres_expiration_report.jpg?fit=1252%2C924&amp;ssl=1\" data-orig-size=\"1252,924\" data-comments-opened=\"0\" data-image-meta=\"{&quot;aperture&quot;:&quot;0&quot;,&quot;credit&quot;:&quot;U-01&quot;,&quot;camera&quot;:&quot;&quot;,&quot;caption&quot;:&quot;&quot;,&quot;created_timestamp&quot;:&quot;1721304900&quot;,&quot;copyright&quot;:&quot;&quot;,&quot;focal_length&quot;:&quot;0&quot;,&quot;iso&quot;:&quot;0&quot;,&quot;shutter_speed&quot;:&quot;0&quot;,&quot;title&quot;:&quot;&quot;,&quot;orientation&quot;:&quot;0&quot;}\" data-image-title=\"Cas3_plus_dun_an_apr\u00e8s_expiration_report\" data-image-description=\"\" data-image-caption=\"\" data-medium-file=\"https:\/\/i0.wp.com\/www.lafoliedespapiers.com\/conseils\/wp-content\/uploads\/2024\/07\/Cas3_plus_dun_an_apres_expiration_report.jpg?fit=300%2C221&amp;ssl=1\" data-large-file=\"https:\/\/i0.wp.com\/www.lafoliedespapiers.com\/conseils\/wp-content\/uploads\/2024\/07\/Cas3_plus_dun_an_apres_expiration_report.jpg?fit=960%2C709&amp;ssl=1\" \/>\t\t\t\t\t\t\t\t\t\t\t\t\t\t\t<\/div>\n\t\t\t\t<\/div>\n\t\t\t\t\t<\/div>\n\t\t<\/div>\n\t\t\t\t<div class=\"elementor-column elementor-col-33 elementor-inner-column elementor-element elementor-element-3474e04\" data-id=\"3474e04\" data-element_type=\"column\">\n\t\t\t<div class=\"elementor-widget-wrap\">\n\t\t\t\t\t\t\t<\/div>\n\t\t<\/div>\n\t\t\t\t\t<\/div>\n\t\t<\/section>\n\t\t\t\t\t<\/div>\n\t\t<\/div>\n\t\t\t\t\t<\/div>\n\t\t<\/section>\n\t\t\t\t<section class=\"elementor-section elementor-top-section elementor-element elementor-element-35c7ff3 elementor-section-boxed elementor-section-height-default elementor-section-height-default\" data-id=\"35c7ff3\" data-element_type=\"section\">\n\t\t\t\t\t\t<div class=\"elementor-container elementor-column-gap-default\">\n\t\t\t\t\t<div class=\"elementor-column elementor-col-100 elementor-top-column elementor-element elementor-element-4942514\" data-id=\"4942514\" data-element_type=\"column\">\n\t\t\t<div class=\"elementor-widget-wrap elementor-element-populated\">\n\t\t\t\t\t\t<div class=\"elementor-element elementor-element-7f8579a elementor-widget elementor-widget-text-editor\" data-id=\"7f8579a\" data-element_type=\"widget\" data-widget_type=\"text-editor.default\">\n\t\t\t\t<div class=\"elementor-widget-container\">\n\t\t\t\t\t\t\t\t\t<p>\u00a0<\/p><p>\u00a0<\/p>\t\t\t\t\t\t\t\t<\/div>\n\t\t\t\t<\/div>\n\t\t\t\t\t<\/div>\n\t\t<\/div>\n\t\t\t\t\t<\/div>\n\t\t<\/section>\n\t\t\t\t<section class=\"elementor-section elementor-top-section elementor-element elementor-element-05470d3 elementor-section-boxed elementor-section-height-default elementor-section-height-default\" data-id=\"05470d3\" data-element_type=\"section\">\n\t\t\t\t\t\t<div class=\"elementor-container elementor-column-gap-default\">\n\t\t\t\t\t<div class=\"elementor-column elementor-col-100 elementor-top-column elementor-element elementor-element-cb26170\" data-id=\"cb26170\" data-element_type=\"column\">\n\t\t\t<div class=\"elementor-widget-wrap elementor-element-populated\">\n\t\t\t\t\t\t<div class=\"elementor-element elementor-element-7033230 elementor-widget elementor-widget-heading\" data-id=\"7033230\" data-element_type=\"widget\" data-widget_type=\"heading.default\">\n\t\t\t\t<div class=\"elementor-widget-container\">\n\t\t\t\t\t<h4 class=\"elementor-heading-title elementor-size-default\">ATTENTION\u00a0:<\/h4>\t\t\t\t<\/div>\n\t\t\t\t<\/div>\n\t\t\t\t\t<\/div>\n\t\t<\/div>\n\t\t\t\t\t<\/div>\n\t\t<\/section>\n\t\t\t\t<section class=\"elementor-section elementor-top-section elementor-element elementor-element-a871ecf elementor-section-boxed elementor-section-height-default elementor-section-height-default\" data-id=\"a871ecf\" data-element_type=\"section\">\n\t\t\t\t\t\t<div class=\"elementor-container elementor-column-gap-default\">\n\t\t\t\t\t<div class=\"elementor-column elementor-col-33 elementor-top-column elementor-element elementor-element-cf56af7\" data-id=\"cf56af7\" data-element_type=\"column\">\n\t\t\t<div class=\"elementor-widget-wrap\">\n\t\t\t\t\t\t\t<\/div>\n\t\t<\/div>\n\t\t\t\t<div class=\"elementor-column elementor-col-33 elementor-top-column elementor-element elementor-element-a87fac3\" data-id=\"a87fac3\" data-element_type=\"column\">\n\t\t\t<div class=\"elementor-widget-wrap elementor-element-populated\">\n\t\t\t\t\t\t<div class=\"elementor-element elementor-element-0a8b38e elementor-widget elementor-widget-text-editor\" data-id=\"0a8b38e\" data-element_type=\"widget\" data-widget_type=\"text-editor.default\">\n\t\t\t\t<div class=\"elementor-widget-container\">\n\t\t\t\t\t\t\t\t\t<h4>En pratique, cette loi est partiellement r\u00e9troactive, certains salari\u00e9s peuvent donc pr\u00e9tendre aux paiements de p\u00e9riodes pass\u00e9es.<\/h4><p>Le d\u00e9lai pour agir d\u00e9pend de la situation du salari\u00e9\u00a0:<\/p><ul><li>le salari\u00e9 n&rsquo;est plus li\u00e9 \u00e0 son employeur (en raison d&rsquo;un d\u00e9part volontaire, d&rsquo;un licenciement ou d&rsquo;un d\u00e9part \u00e0 la retraite)\u00a0: la <strong>prescription de 3\u00a0ans<\/strong> pour agir en paiement d&rsquo;indemnit\u00e9 compensatrice de cong\u00e9s pay\u00e9s s&rsquo;appliquera. Elle fera obstacle aux actions, en cours ou \u00e0 venir, engag\u00e9es par des salari\u00e9s ayant quitt\u00e9 leur employeur plus de 3\u00a0ans avant de saisir le juge\u00a0;<\/li><li>le salari\u00e9 est encore li\u00e9 \u00e0 son employeur au moment de la demande\u00a0: il disposera d&rsquo;un <strong>d\u00e9lai de 2\u00a0ans \u00e0 compter de l\u2019entr\u00e9e en vigueur de la nouvelle loi<\/strong> pour agir en justice afin de r\u00e9clamer des cong\u00e9s pay\u00e9s au titre de p\u00e9riodes ant\u00e9rieures.<br \/>Ce d\u00e9lai s&rsquo;appliquera m\u00eame en l&rsquo;absence d&rsquo;information de la part de l&#8217;employeur.<\/li><\/ul>\t\t\t\t\t\t\t\t<\/div>\n\t\t\t\t<\/div>\n\t\t\t\t\t<\/div>\n\t\t<\/div>\n\t\t\t\t<div class=\"elementor-column elementor-col-33 elementor-top-column elementor-element elementor-element-4eb837e\" data-id=\"4eb837e\" data-element_type=\"column\">\n\t\t\t<div class=\"elementor-widget-wrap\">\n\t\t\t\t\t\t\t<\/div>\n\t\t<\/div>\n\t\t\t\t\t<\/div>\n\t\t<\/section>\n\t\t\t\t<section class=\"elementor-section elementor-top-section elementor-element elementor-element-1a9e0b5 elementor-section-boxed elementor-section-height-default elementor-section-height-default\" data-id=\"1a9e0b5\" data-element_type=\"section\">\n\t\t\t\t\t\t<div class=\"elementor-container elementor-column-gap-default\">\n\t\t\t\t\t<div class=\"elementor-column elementor-col-100 elementor-top-column elementor-element elementor-element-3d77abf\" data-id=\"3d77abf\" data-element_type=\"column\">\n\t\t\t<div class=\"elementor-widget-wrap elementor-element-populated\">\n\t\t\t\t\t\t<div class=\"elementor-element elementor-element-38e84ba elementor-widget elementor-widget-text-editor\" data-id=\"38e84ba\" data-element_type=\"widget\" data-widget_type=\"text-editor.default\">\n\t\t\t\t<div class=\"elementor-widget-container\">\n\t\t\t\t\t\t\t\t\t<p>\u00a0<\/p><p>\u00a0<\/p>\t\t\t\t\t\t\t\t<\/div>\n\t\t\t\t<\/div>\n\t\t\t\t\t<\/div>\n\t\t<\/div>\n\t\t\t\t\t<\/div>\n\t\t<\/section>\n\t\t\t\t<section class=\"elementor-section elementor-top-section elementor-element elementor-element-bf2aeb1 elementor-section-boxed elementor-section-height-default elementor-section-height-default\" data-id=\"bf2aeb1\" data-element_type=\"section\">\n\t\t\t\t\t\t<div class=\"elementor-container elementor-column-gap-default\">\n\t\t\t\t\t<div class=\"elementor-column elementor-col-100 elementor-top-column elementor-element elementor-element-3b56932\" data-id=\"3b56932\" data-element_type=\"column\">\n\t\t\t<div class=\"elementor-widget-wrap elementor-element-populated\">\n\t\t\t\t\t\t<div class=\"elementor-element elementor-element-04bf8c3 elementor-widget elementor-widget-heading\" data-id=\"04bf8c3\" data-element_type=\"widget\" data-widget_type=\"heading.default\">\n\t\t\t\t<div class=\"elementor-widget-container\">\n\t\t\t\t\t<h4 class=\"elementor-heading-title elementor-size-default\">Rappel du contexte juridique : La loi DDADUE<\/h4>\t\t\t\t<\/div>\n\t\t\t\t<\/div>\n\t\t\t\t\t<\/div>\n\t\t<\/div>\n\t\t\t\t\t<\/div>\n\t\t<\/section>\n\t\t\t\t<section class=\"elementor-section elementor-top-section elementor-element elementor-element-06b92e6 elementor-section-boxed elementor-section-height-default elementor-section-height-default\" data-id=\"06b92e6\" data-element_type=\"section\">\n\t\t\t\t\t\t<div class=\"elementor-container elementor-column-gap-default\">\n\t\t\t\t\t<div class=\"elementor-column elementor-col-33 elementor-top-column elementor-element elementor-element-5364a58\" data-id=\"5364a58\" data-element_type=\"column\">\n\t\t\t<div class=\"elementor-widget-wrap\">\n\t\t\t\t\t\t\t<\/div>\n\t\t<\/div>\n\t\t\t\t<div class=\"elementor-column elementor-col-33 elementor-top-column elementor-element elementor-element-01c21da\" data-id=\"01c21da\" data-element_type=\"column\">\n\t\t\t<div class=\"elementor-widget-wrap elementor-element-populated\">\n\t\t\t\t\t\t<div class=\"elementor-element elementor-element-7395ac2 elementor-widget elementor-widget-text-editor\" data-id=\"7395ac2\" data-element_type=\"widget\" data-widget_type=\"text-editor.default\">\n\t\t\t\t<div class=\"elementor-widget-container\">\n\t\t\t\t\t\t\t\t\t<p>\u00a0<\/p><p>Pour m\u00e9moire, par ses arr\u00eats en date du 13 septembre 2023, la Cour de cassation a d\u00e9cid\u00e9 de faire application des dispositions europ\u00e9ennes au d\u00e9triment de celles du Code du travail s&rsquo;agissant de l&rsquo;acquisition des cong\u00e9s pay\u00e9s en cas de suspension du contrat de travail. Toutefois, nous restions en attente d&rsquo;un positionnement l\u00e9gislatif afin d&rsquo;\u00e9carter toute ins\u00e9curit\u00e9 juridique n\u00e9e de cette contradiction entre la jurisprudence de la Cour de cassation et le droit interne.<\/p><p>Ce n&rsquo;est qu&rsquo;en <strong>mars 2024<\/strong> que les choses se pr\u00e9cipitent du c\u00f4t\u00e9 du gouvernement, car apr\u00e8s avoir recueilli l&rsquo;avis du Conseil d&rsquo;Etat rendu le 11 mars dernier, un amendement \u00ab\u00a0cong\u00e9s pay\u00e9s\u00a0\u00bb s&rsquo;inscrivant dans le cadre du projet de loi portant diverses dispositions d&rsquo;adaptation au droit de l&rsquo;Union Europ\u00e9enne, a \u00e9t\u00e9 d\u00e9pos\u00e9 \u00e0 l&rsquo;assembl\u00e9e nationale le 15 mars et vot\u00e9 en l&rsquo;\u00e9tat par les d\u00e9put\u00e9s le 18 mars.<br \/>Ainsi, les mesures inscrites dans cet amendement visent notamment \u00e0 modifier et ajouter des articles dans le code du travail afin :<\/p><ul><li>D&rsquo;y inscrire l&rsquo;acquisition du droit \u00e0 cong\u00e9s pay\u00e9s durant la suspension du contrat de travail pour maladie non professionnelle.<br \/>Cette acquisition est toutefois limit\u00e9e \u00e0 2 jours ouvrables par mois avec un maximum de 24 jours ouvrables (ou 4 semaines en cas d&rsquo;arr\u00eat sur toute la p\u00e9riode de r\u00e9f\u00e9rence).<\/li><li>De permettre une acquisition int\u00e9grale des cong\u00e9s pay\u00e9s en cas d&rsquo;arr\u00eat de travail pour maladie ou accident d&rsquo;origine professionnelle et par cons\u00e9quent supprimer la limitation de la dur\u00e9e ininterrompue d&rsquo;un an assimil\u00e9e \u00e0 du temps de travail effectif.<\/li><li>D&rsquo;instaurer un d\u00e9lai de report fix\u00e9 \u00e0 15 mois pour les cong\u00e9s pay\u00e9s non pris du fait d&rsquo;un arr\u00eat de travail.<br \/>Ce d\u00e9lai de report court \u00e0 compter du moment o\u00f9 le salari\u00e9 re\u00e7oit l&rsquo;information de son employeur, post\u00e9rieurement \u00e0 sa reprise d\u2019activit\u00e9, sur les cong\u00e9s dont il dispose.<br \/>Par exception, le d\u00e9lai de report de 15 mois d\u00e9bute \u00e0 la fin de la p\u00e9riode d\u2019acquisition pour les salari\u00e9s en arr\u00eat maladie depuis plus d\u2019un an et dont le contrat de travail continue \u00e0 \u00eatre suspendu.<br \/>En effet, une nouvelle obligation est instaur\u00e9e \u00e0 l&rsquo;\u00e9gard de l&#8217;employeur qui sera tenu d&rsquo;informer le salari\u00e9, dans les 10 jours suivant la reprise du travail, du nombre de jours de cong\u00e9 dont il dispose et de la date jusqu&rsquo;\u00e0 laquelle ces jours peuvent \u00eatre pris.<br \/>Enfin, un accord d&rsquo;entreprise ou une convention collective nationale peut pr\u00e9voir un d\u00e9lai de report sup\u00e9rieur au d\u00e9lai l\u00e9gal de 15 mois.<\/li><li>D&rsquo;instaurer un d\u00e9lai de forclusion de 2 ans \u00e0 compter de l&rsquo;entr\u00e9e en vigueur de la loi qui s&rsquo;impose au salari\u00e9 qui souhaiterait introduire une action en ex\u00e9cution du contrat de travail pour r\u00e9clamer des cong\u00e9s qui auraient d\u00fb \u00eatre acquis durant des p\u00e9riodes d&rsquo;arr\u00eat maladie depuis le 01\/12\/2009.<br \/>Toutefois, pour les salari\u00e9s dont le contrat de travail a \u00e9t\u00e9 rompu lors de l&rsquo;entr\u00e9e en vigueur de la loi, il sera fait application de la prescription triennale des actions en mati\u00e8re de paiement de salaires.<\/li><\/ul><p>En r\u00e9ponse aux arr\u00eats de la Cour de cassation du 13 septembre dernier, la loi n\u00b02024-364 du 22 avril 2024 portant diverses dispositions d\u2019adaptation au droit de l\u2019Union europ\u00e9enne en mati\u00e8re d\u2019\u00e9conomie, de finances, de transition \u00e9cologique, de droit p\u00e9nal, de droit social et en mati\u00e8re agricole a d\u00e9finitivement \u00e9t\u00e9 adopt\u00e9e, et promulgu\u00e9e au Journal officiel du 23 avril 2024.<\/p><p>Les dispositions qu&rsquo;elle pr\u00e9voit et plus particuli\u00e8rement celles de l&rsquo;article 37 relatif aux droits \u00e0 cong\u00e9s pay\u00e9s pendant un arr\u00eat maladie, entrent en vigueur \u00e0 compter du 24 avril 2024. En effet, le Conseil constitutionnel n&rsquo;a pas \u00e9t\u00e9 saisi.<\/p>\t\t\t\t\t\t\t\t<\/div>\n\t\t\t\t<\/div>\n\t\t\t\t\t<\/div>\n\t\t<\/div>\n\t\t\t\t<div class=\"elementor-column elementor-col-33 elementor-top-column elementor-element elementor-element-83d9036\" data-id=\"83d9036\" data-element_type=\"column\">\n\t\t\t<div class=\"elementor-widget-wrap\">\n\t\t\t\t\t\t\t<\/div>\n\t\t<\/div>\n\t\t\t\t\t<\/div>\n\t\t<\/section>\n\t\t\t\t<section class=\"elementor-section elementor-top-section elementor-element elementor-element-2779c0ee elementor-section-boxed elementor-section-height-default elementor-section-height-default\" data-id=\"2779c0ee\" data-element_type=\"section\">\n\t\t\t\t\t\t<div class=\"elementor-container elementor-column-gap-default\">\n\t\t\t\t\t<div class=\"elementor-column elementor-col-33 elementor-top-column elementor-element elementor-element-30b0268d\" data-id=\"30b0268d\" data-element_type=\"column\">\n\t\t\t<div class=\"elementor-widget-wrap\">\n\t\t\t\t\t\t\t<\/div>\n\t\t<\/div>\n\t\t\t\t<div class=\"elementor-column elementor-col-33 elementor-top-column elementor-element elementor-element-7777e1e9\" data-id=\"7777e1e9\" data-element_type=\"column\">\n\t\t\t<div class=\"elementor-widget-wrap elementor-element-populated\">\n\t\t\t\t\t\t<div class=\"elementor-element elementor-element-4c51eae2 elementor-widget elementor-widget-text-editor\" data-id=\"4c51eae2\" data-element_type=\"widget\" data-widget_type=\"text-editor.default\">\n\t\t\t\t<div class=\"elementor-widget-container\">\n\t\t\t\t\t\t\t\t\t<h4>\u00a0<\/h4><h4>Voir aussi :<\/h4><h4><a href=\"https:\/\/www.efl.fr\/actualite\/infographie-conges-payes-maladie-mieux-comprendre-casse-tete_f049dffbf-9a0d-4a75-9d83-13f0b1959f1c\" target=\"_blank\" rel=\"noopener\">L&rsquo;infographie des \u00e9ditions Francis Lefebvre<\/a><\/h4>\t\t\t\t\t\t\t\t<\/div>\n\t\t\t\t<\/div>\n\t\t\t\t\t<\/div>\n\t\t<\/div>\n\t\t\t\t<div class=\"elementor-column elementor-col-33 elementor-top-column elementor-element elementor-element-2d44f7b0\" data-id=\"2d44f7b0\" data-element_type=\"column\">\n\t\t\t<div class=\"elementor-widget-wrap\">\n\t\t\t\t\t\t\t<\/div>\n\t\t<\/div>\n\t\t\t\t\t<\/div>\n\t\t<\/section>\n\t\t\t\t<section class=\"elementor-section elementor-top-section elementor-element elementor-element-7f3e62c1 elementor-section-boxed elementor-section-height-default elementor-section-height-default\" data-id=\"7f3e62c1\" data-element_type=\"section\">\n\t\t\t\t\t\t<div class=\"elementor-container elementor-column-gap-default\">\n\t\t\t\t\t<div class=\"elementor-column elementor-col-100 elementor-top-column elementor-element elementor-element-331fc840\" data-id=\"331fc840\" data-element_type=\"column\">\n\t\t\t<div class=\"elementor-widget-wrap elementor-element-populated\">\n\t\t\t\t\t\t<div class=\"elementor-element elementor-element-15ced3f0 elementor-widget elementor-widget-text-editor\" data-id=\"15ced3f0\" data-element_type=\"widget\" data-widget_type=\"text-editor.default\">\n\t\t\t\t<div class=\"elementor-widget-container\">\n\t\t\t\t\t\t\t\t\t<p>\u00a0<\/p><p>\u00a0<\/p><p><em><strong>\u00a0<\/strong><\/em><em>Auteur\u00a0: <a href=\"http:\/\/www.lafoliedespapiers.com\/\" target=\"_blank\" rel=\"noopener\">La Folie Des Papiers<\/a><\/em><br \/><em>Prestataire sp\u00e9cialis\u00e9 dans l\u2019externalisation de la paie.<\/em><br \/><em><a href=\"https:\/\/goo.gl\/maps\/UFY6i\" target=\"_blank\" rel=\"noopener\">TOULOUSE<\/a> | <a href=\"tel:+33582956721\" target=\"_blank\" rel=\"noopener\">05.82.95.67.21<\/a> | <a href=\"http:\/\/www.lafoliedespapiers.com\/devis.php\" target=\"_blank\" rel=\"noopener\">Devis Gratuit<\/a><\/em><\/p><p>\u00a0<\/p><p>\u00a0<\/p>\t\t\t\t\t\t\t\t<\/div>\n\t\t\t\t<\/div>\n\t\t\t\t\t<\/div>\n\t\t<\/div>\n\t\t\t\t\t<\/div>\n\t\t<\/section>\n\t\t\t\t<\/div>\n\t\t","protected":false},"excerpt":{"rendered":"<p>Les nouvelles r\u00e8gles d\u2019acquisition de cong\u00e9s pay\u00e9s pendant un arr\u00eat maladie \u00a0 \u00a0 \u00a0 \u00a0 Rappels sur les cong\u00e9s pay\u00e9s : \u00a0 Le salari\u00e9 a droit \u00e0 2.5 jours de cong\u00e9s pay\u00e9s par mois de travail effectif chez le m\u00eame employeur, quel que soit son contrat de travail (CDI, CDD, contrat d&rsquo;int\u00e9rim) et qu\u2019il travaille [&hellip;]<\/p>\n","protected":false},"author":3,"featured_media":2908,"comment_status":"closed","ping_status":"closed","sticky":false,"template":"","format":"standard","meta":{"jetpack_post_was_ever_published":false,"_jetpack_newsletter_access":"","_jetpack_dont_email_post_to_subs":false,"_jetpack_newsletter_tier_id":0,"_jetpack_memberships_contains_paywalled_content":false,"_jetpack_memberships_contains_paid_content":false,"footnotes":"","jetpack_publicize_message":"","jetpack_publicize_feature_enabled":true,"jetpack_social_post_already_shared":true,"jetpack_social_options":{"image_generator_settings":{"template":"highway","enabled":false},"version":2}},"categories":[99],"tags":[137,136,130,123,131,142,149,150,119,109,146,129,145,138,114,107,135,128,125,118,108,122,127,143,132,120,121,134,141,133,139,140,116,115,117,110,144],"jetpack_publicize_connections":[],"yoast_head":"<!-- This site is optimized with the Yoast SEO plugin v24.5 - https:\/\/yoast.com\/wordpress\/plugins\/seo\/ -->\n<title>Acquisition de cong\u00e9s pay\u00e9s pendant une maladie : les nouveaut\u00e9s - LE BLOG SPECIAL PAIE<\/title>\n<meta name=\"description\" content=\"D\u00e9sormais assimil\u00e9es a du temps de travail effectif, les p\u00e9riodes de maladie doivent \u00eatre prises en compte pour calculer les droits \u00e0 cong\u00e9s pay\u00e9s.\" \/>\n<meta name=\"robots\" content=\"index, follow, max-snippet:-1, max-image-preview:large, max-video-preview:-1\" \/>\n<link rel=\"canonical\" href=\"https:\/\/www.lafoliedespapiers.com\/conseils\/acquisition-de-conges-payes-pendant-une-maladie-les-nouveautes\/\" \/>\n<meta property=\"og:locale\" content=\"fr_FR\" \/>\n<meta property=\"og:type\" content=\"article\" \/>\n<meta property=\"og:title\" content=\"Acquisition de cong\u00e9s pay\u00e9s pendant une maladie : les nouveaut\u00e9s - LE BLOG SPECIAL PAIE\" \/>\n<meta property=\"og:description\" content=\"D\u00e9sormais assimil\u00e9es a du temps de travail effectif, les p\u00e9riodes de maladie doivent \u00eatre prises en compte pour calculer les droits \u00e0 cong\u00e9s pay\u00e9s.\" \/>\n<meta property=\"og:url\" content=\"https:\/\/www.lafoliedespapiers.com\/conseils\/acquisition-de-conges-payes-pendant-une-maladie-les-nouveautes\/\" \/>\n<meta property=\"og:site_name\" content=\"LE BLOG SPECIAL PAIE\" \/>\n<meta property=\"article:publisher\" content=\"https:\/\/fb.com\/lafoliedespapiers\" \/>\n<meta property=\"article:published_time\" content=\"2024-07-18T10:28:32+00:00\" \/>\n<meta property=\"article:modified_time\" content=\"2024-07-18T12:23:23+00:00\" \/>\n<meta property=\"og:image\" content=\"https:\/\/www.lafoliedespapiers.com\/conseils\/wp-content\/uploads\/2024\/07\/th-1763097330.jpg\" \/>\n\t<meta property=\"og:image:width\" content=\"474\" \/>\n\t<meta property=\"og:image:height\" content=\"474\" \/>\n\t<meta property=\"og:image:type\" content=\"image\/jpeg\" \/>\n<meta name=\"author\" content=\"AUTEUR\" \/>\n<meta name=\"twitter:card\" content=\"summary_large_image\" \/>\n<meta name=\"twitter:creator\" content=\"@LFDP_paie\" \/>\n<meta name=\"twitter:site\" content=\"@LFDP_paie\" \/>\n<meta name=\"twitter:label1\" content=\"\u00c9crit par\" \/>\n\t<meta name=\"twitter:data1\" content=\"AUTEUR\" \/>\n\t<meta name=\"twitter:label2\" content=\"Dur\u00e9e de lecture estim\u00e9e\" \/>\n\t<meta name=\"twitter:data2\" content=\"10 minutes\" \/>\n<script type=\"application\/ld+json\" class=\"yoast-schema-graph\">{\"@context\":\"https:\/\/schema.org\",\"@graph\":[{\"@type\":\"WebPage\",\"@id\":\"https:\/\/www.lafoliedespapiers.com\/conseils\/acquisition-de-conges-payes-pendant-une-maladie-les-nouveautes\/\",\"url\":\"https:\/\/www.lafoliedespapiers.com\/conseils\/acquisition-de-conges-payes-pendant-une-maladie-les-nouveautes\/\",\"name\":\"Acquisition de cong\u00e9s pay\u00e9s pendant une maladie : les nouveaut\u00e9s - LE BLOG SPECIAL PAIE\",\"isPartOf\":{\"@id\":\"https:\/\/www.lafoliedespapiers.com\/conseils\/#website\"},\"primaryImageOfPage\":{\"@id\":\"https:\/\/www.lafoliedespapiers.com\/conseils\/acquisition-de-conges-payes-pendant-une-maladie-les-nouveautes\/#primaryimage\"},\"image\":{\"@id\":\"https:\/\/www.lafoliedespapiers.com\/conseils\/acquisition-de-conges-payes-pendant-une-maladie-les-nouveautes\/#primaryimage\"},\"thumbnailUrl\":\"https:\/\/i0.wp.com\/www.lafoliedespapiers.com\/conseils\/wp-content\/uploads\/2024\/07\/th-1763097330.jpg?fit=474%2C474&ssl=1\",\"datePublished\":\"2024-07-18T10:28:32+00:00\",\"dateModified\":\"2024-07-18T12:23:23+00:00\",\"author\":{\"@id\":\"https:\/\/www.lafoliedespapiers.com\/conseils\/#\/schema\/person\/222ef4bc4e3af6c3912941068bbd490a\"},\"description\":\"D\u00e9sormais assimil\u00e9es a du temps de travail effectif, les p\u00e9riodes de maladie doivent \u00eatre prises en compte pour calculer les droits \u00e0 cong\u00e9s pay\u00e9s.\",\"breadcrumb\":{\"@id\":\"https:\/\/www.lafoliedespapiers.com\/conseils\/acquisition-de-conges-payes-pendant-une-maladie-les-nouveautes\/#breadcrumb\"},\"inLanguage\":\"fr-FR\",\"potentialAction\":[{\"@type\":\"ReadAction\",\"target\":[\"https:\/\/www.lafoliedespapiers.com\/conseils\/acquisition-de-conges-payes-pendant-une-maladie-les-nouveautes\/\"]}]},{\"@type\":\"ImageObject\",\"inLanguage\":\"fr-FR\",\"@id\":\"https:\/\/www.lafoliedespapiers.com\/conseils\/acquisition-de-conges-payes-pendant-une-maladie-les-nouveautes\/#primaryimage\",\"url\":\"https:\/\/i0.wp.com\/www.lafoliedespapiers.com\/conseils\/wp-content\/uploads\/2024\/07\/th-1763097330.jpg?fit=474%2C474&ssl=1\",\"contentUrl\":\"https:\/\/i0.wp.com\/www.lafoliedespapiers.com\/conseils\/wp-content\/uploads\/2024\/07\/th-1763097330.jpg?fit=474%2C474&ssl=1\",\"width\":474,\"height\":474},{\"@type\":\"BreadcrumbList\",\"@id\":\"https:\/\/www.lafoliedespapiers.com\/conseils\/acquisition-de-conges-payes-pendant-une-maladie-les-nouveautes\/#breadcrumb\",\"itemListElement\":[{\"@type\":\"ListItem\",\"position\":1,\"name\":\"Accueil\",\"item\":\"https:\/\/www.lafoliedespapiers.com\/conseils\/\"},{\"@type\":\"ListItem\",\"position\":2,\"name\":\"Acquisition de cong\u00e9s pay\u00e9s pendant une maladie : les nouveaut\u00e9s\"}]},{\"@type\":\"WebSite\",\"@id\":\"https:\/\/www.lafoliedespapiers.com\/conseils\/#website\",\"url\":\"https:\/\/www.lafoliedespapiers.com\/conseils\/\",\"name\":\"LE BLOG SPECIAL PAIE\",\"description\":\"LA FOLIE DES PAPIERS 100% PAIE\",\"potentialAction\":[{\"@type\":\"SearchAction\",\"target\":{\"@type\":\"EntryPoint\",\"urlTemplate\":\"https:\/\/www.lafoliedespapiers.com\/conseils\/?s={search_term_string}\"},\"query-input\":{\"@type\":\"PropertyValueSpecification\",\"valueRequired\":true,\"valueName\":\"search_term_string\"}}],\"inLanguage\":\"fr-FR\"},{\"@type\":\"Person\",\"@id\":\"https:\/\/www.lafoliedespapiers.com\/conseils\/#\/schema\/person\/222ef4bc4e3af6c3912941068bbd490a\",\"name\":\"AUTEUR\",\"image\":{\"@type\":\"ImageObject\",\"inLanguage\":\"fr-FR\",\"@id\":\"https:\/\/www.lafoliedespapiers.com\/conseils\/#\/schema\/person\/image\/\",\"url\":\"https:\/\/secure.gravatar.com\/avatar\/0ceef20687d2838d5f9610de73605e38?s=96&d=mm&r=g\",\"contentUrl\":\"https:\/\/secure.gravatar.com\/avatar\/0ceef20687d2838d5f9610de73605e38?s=96&d=mm&r=g\",\"caption\":\"AUTEUR\"},\"url\":\"https:\/\/www.lafoliedespapiers.com\/conseils\/author\/auteur\/\"}]}<\/script>\n<!-- \/ Yoast SEO plugin. -->","yoast_head_json":{"title":"Acquisition de cong\u00e9s pay\u00e9s pendant une maladie : les nouveaut\u00e9s - LE BLOG SPECIAL PAIE","description":"D\u00e9sormais assimil\u00e9es a du temps de travail effectif, les p\u00e9riodes de maladie doivent \u00eatre prises en compte pour calculer les droits \u00e0 cong\u00e9s pay\u00e9s.","robots":{"index":"index","follow":"follow","max-snippet":"max-snippet:-1","max-image-preview":"max-image-preview:large","max-video-preview":"max-video-preview:-1"},"canonical":"https:\/\/www.lafoliedespapiers.com\/conseils\/acquisition-de-conges-payes-pendant-une-maladie-les-nouveautes\/","og_locale":"fr_FR","og_type":"article","og_title":"Acquisition de cong\u00e9s pay\u00e9s pendant une maladie : les nouveaut\u00e9s - LE BLOG SPECIAL PAIE","og_description":"D\u00e9sormais assimil\u00e9es a du temps de travail effectif, les p\u00e9riodes de maladie doivent \u00eatre prises en compte pour calculer les droits \u00e0 cong\u00e9s pay\u00e9s.","og_url":"https:\/\/www.lafoliedespapiers.com\/conseils\/acquisition-de-conges-payes-pendant-une-maladie-les-nouveautes\/","og_site_name":"LE BLOG SPECIAL PAIE","article_publisher":"https:\/\/fb.com\/lafoliedespapiers","article_published_time":"2024-07-18T10:28:32+00:00","article_modified_time":"2024-07-18T12:23:23+00:00","og_image":[{"width":474,"height":474,"url":"https:\/\/www.lafoliedespapiers.com\/conseils\/wp-content\/uploads\/2024\/07\/th-1763097330.jpg","type":"image\/jpeg"}],"author":"AUTEUR","twitter_card":"summary_large_image","twitter_creator":"@LFDP_paie","twitter_site":"@LFDP_paie","twitter_misc":{"\u00c9crit par":"AUTEUR","Dur\u00e9e de lecture estim\u00e9e":"10 minutes"},"schema":{"@context":"https:\/\/schema.org","@graph":[{"@type":"WebPage","@id":"https:\/\/www.lafoliedespapiers.com\/conseils\/acquisition-de-conges-payes-pendant-une-maladie-les-nouveautes\/","url":"https:\/\/www.lafoliedespapiers.com\/conseils\/acquisition-de-conges-payes-pendant-une-maladie-les-nouveautes\/","name":"Acquisition de cong\u00e9s pay\u00e9s pendant une maladie : les nouveaut\u00e9s - LE BLOG SPECIAL PAIE","isPartOf":{"@id":"https:\/\/www.lafoliedespapiers.com\/conseils\/#website"},"primaryImageOfPage":{"@id":"https:\/\/www.lafoliedespapiers.com\/conseils\/acquisition-de-conges-payes-pendant-une-maladie-les-nouveautes\/#primaryimage"},"image":{"@id":"https:\/\/www.lafoliedespapiers.com\/conseils\/acquisition-de-conges-payes-pendant-une-maladie-les-nouveautes\/#primaryimage"},"thumbnailUrl":"https:\/\/i0.wp.com\/www.lafoliedespapiers.com\/conseils\/wp-content\/uploads\/2024\/07\/th-1763097330.jpg?fit=474%2C474&ssl=1","datePublished":"2024-07-18T10:28:32+00:00","dateModified":"2024-07-18T12:23:23+00:00","author":{"@id":"https:\/\/www.lafoliedespapiers.com\/conseils\/#\/schema\/person\/222ef4bc4e3af6c3912941068bbd490a"},"description":"D\u00e9sormais assimil\u00e9es a du temps de travail effectif, les p\u00e9riodes de maladie doivent \u00eatre prises en compte pour calculer les droits \u00e0 cong\u00e9s pay\u00e9s.","breadcrumb":{"@id":"https:\/\/www.lafoliedespapiers.com\/conseils\/acquisition-de-conges-payes-pendant-une-maladie-les-nouveautes\/#breadcrumb"},"inLanguage":"fr-FR","potentialAction":[{"@type":"ReadAction","target":["https:\/\/www.lafoliedespapiers.com\/conseils\/acquisition-de-conges-payes-pendant-une-maladie-les-nouveautes\/"]}]},{"@type":"ImageObject","inLanguage":"fr-FR","@id":"https:\/\/www.lafoliedespapiers.com\/conseils\/acquisition-de-conges-payes-pendant-une-maladie-les-nouveautes\/#primaryimage","url":"https:\/\/i0.wp.com\/www.lafoliedespapiers.com\/conseils\/wp-content\/uploads\/2024\/07\/th-1763097330.jpg?fit=474%2C474&ssl=1","contentUrl":"https:\/\/i0.wp.com\/www.lafoliedespapiers.com\/conseils\/wp-content\/uploads\/2024\/07\/th-1763097330.jpg?fit=474%2C474&ssl=1","width":474,"height":474},{"@type":"BreadcrumbList","@id":"https:\/\/www.lafoliedespapiers.com\/conseils\/acquisition-de-conges-payes-pendant-une-maladie-les-nouveautes\/#breadcrumb","itemListElement":[{"@type":"ListItem","position":1,"name":"Accueil","item":"https:\/\/www.lafoliedespapiers.com\/conseils\/"},{"@type":"ListItem","position":2,"name":"Acquisition de cong\u00e9s pay\u00e9s pendant une maladie : les nouveaut\u00e9s"}]},{"@type":"WebSite","@id":"https:\/\/www.lafoliedespapiers.com\/conseils\/#website","url":"https:\/\/www.lafoliedespapiers.com\/conseils\/","name":"LE BLOG SPECIAL PAIE","description":"LA FOLIE DES PAPIERS 100% PAIE","potentialAction":[{"@type":"SearchAction","target":{"@type":"EntryPoint","urlTemplate":"https:\/\/www.lafoliedespapiers.com\/conseils\/?s={search_term_string}"},"query-input":{"@type":"PropertyValueSpecification","valueRequired":true,"valueName":"search_term_string"}}],"inLanguage":"fr-FR"},{"@type":"Person","@id":"https:\/\/www.lafoliedespapiers.com\/conseils\/#\/schema\/person\/222ef4bc4e3af6c3912941068bbd490a","name":"AUTEUR","image":{"@type":"ImageObject","inLanguage":"fr-FR","@id":"https:\/\/www.lafoliedespapiers.com\/conseils\/#\/schema\/person\/image\/","url":"https:\/\/secure.gravatar.com\/avatar\/0ceef20687d2838d5f9610de73605e38?s=96&d=mm&r=g","contentUrl":"https:\/\/secure.gravatar.com\/avatar\/0ceef20687d2838d5f9610de73605e38?s=96&d=mm&r=g","caption":"AUTEUR"},"url":"https:\/\/www.lafoliedespapiers.com\/conseils\/author\/auteur\/"}]}},"jetpack_sharing_enabled":true,"jetpack_featured_media_url":"https:\/\/i0.wp.com\/www.lafoliedespapiers.com\/conseils\/wp-content\/uploads\/2024\/07\/th-1763097330.jpg?fit=474%2C474&ssl=1","jetpack_shortlink":"https:\/\/wp.me\/p7qzTb-JI","jetpack-related-posts":[],"_links":{"self":[{"href":"https:\/\/www.lafoliedespapiers.com\/conseils\/wp-json\/wp\/v2\/posts\/2834"}],"collection":[{"href":"https:\/\/www.lafoliedespapiers.com\/conseils\/wp-json\/wp\/v2\/posts"}],"about":[{"href":"https:\/\/www.lafoliedespapiers.com\/conseils\/wp-json\/wp\/v2\/types\/post"}],"author":[{"embeddable":true,"href":"https:\/\/www.lafoliedespapiers.com\/conseils\/wp-json\/wp\/v2\/users\/3"}],"replies":[{"embeddable":true,"href":"https:\/\/www.lafoliedespapiers.com\/conseils\/wp-json\/wp\/v2\/comments?post=2834"}],"version-history":[{"count":51,"href":"https:\/\/www.lafoliedespapiers.com\/conseils\/wp-json\/wp\/v2\/posts\/2834\/revisions"}],"predecessor-version":[{"id":2912,"href":"https:\/\/www.lafoliedespapiers.com\/conseils\/wp-json\/wp\/v2\/posts\/2834\/revisions\/2912"}],"wp:featuredmedia":[{"embeddable":true,"href":"https:\/\/www.lafoliedespapiers.com\/conseils\/wp-json\/wp\/v2\/media\/2908"}],"wp:attachment":[{"href":"https:\/\/www.lafoliedespapiers.com\/conseils\/wp-json\/wp\/v2\/media?parent=2834"}],"wp:term":[{"taxonomy":"category","embeddable":true,"href":"https:\/\/www.lafoliedespapiers.com\/conseils\/wp-json\/wp\/v2\/categories?post=2834"},{"taxonomy":"post_tag","embeddable":true,"href":"https:\/\/www.lafoliedespapiers.com\/conseils\/wp-json\/wp\/v2\/tags?post=2834"}],"curies":[{"name":"wp","href":"https:\/\/api.w.org\/{rel}","templated":true}]}}